{"id":534,"date":"2018-07-30T13:10:34","date_gmt":"2018-07-30T13:10:34","guid":{"rendered":"http:\/\/funkemittelstandsgmbhblog.de\/?p=534"},"modified":"2018-07-30T14:38:21","modified_gmt":"2018-07-30T14:38:21","slug":"auf-in-die-zukunft-protechnicale-startet-in-den-achten-jahrgang","status":"publish","type":"post","link":"https:\/\/funkemittelstandsgmbhblog.de\/?p=534","title":{"rendered":"Auf in die Zukunft! proTechnicale startet in den achten Jahrgang"},"content":{"rendered":"<p>Ein Blogbeitrag von Saskia Riediger (Inhouse Consultant Tigerteam\/Projektleiterin Sophia.T)<\/p>\n<p><span style=\"color: #000000; font-family: Calibri;\">Am vergangenen Freitag haben wir in Hamburg 14 junge Frauen bei proTechnicale Willkommen gehei\u00dfen. Mit dabei sind 12 proTechnicale-M\u00e4dels und zwei proDuale-Teilnehmerinnen, die bis Ende des Jahres mit an Bord des Programmes sein werden.\u00a0<\/span><\/p>\n<p><span style=\"color: #000000; font-family: Calibri;\">F\u00fcr mich hei\u00dft das nach fast sechs Monaten Projektvorbereitung nun endlich auch ganz aktiv mit unseren Teilnehmerinnen zu arbeiten und sie bei ihrer Entwicklung zu unterst\u00fctzen. Damit sie werden, wer sie sind und ihre Potentiale so einsetzen k\u00f6nnen, dass sie sich selbst verwirklichen und einen Beitrag f\u00fcr ein gutes Miteinander und eine nachhaltige Zukunft leisten k\u00f6nnen.\u00a0<\/span><\/p>\n<p><span style=\"color: #000000; font-family: Calibri;\">Ich freue mich auf die n\u00e4chsten elf Monate mit tollen Momenten und spannenden Herausforderungen &#8211; ganz nach dem Motto: Handle mutig und greife nach den Sternen.\u00a0<\/span><\/p>\n","protected":false},"excerpt":{"rendered":"<p>Ein Blogbeitrag von Saskia Riediger (Inhouse Consultant Tigerteam\/Projektleiterin Sophia.T) Am vergangenen Freitag haben wir in Hamburg 14 junge Frauen bei proTechnicale Willkommen gehei\u00dfen. Mit dabei sind 12 proTechnicale-M\u00e4dels und zwei proDuale-Teilnehmerinnen, die bis Ende des Jahres mit an Bord des Programmes sein werden.\u00a0 F\u00fcr mich hei\u00dft das nach fast sechs Monaten Projektvorbereitung nun endlich auch &hellip; <\/p>\n<p class=\"link-more\"><a href=\"https:\/\/funkemittelstandsgmbhblog.de\/?p=534\" class=\"more-link\"><span class=\"screen-reader-text\">\u201eAuf in die Zukunft! proTechnicale startet in den achten Jahrgang\u201c<\/span> weiterlesen<\/a><\/p>\n","protected":false},"author":1,"featured_media":535,"comment_status":"closed","ping_status":"open","sticky":false,"template":"","format":"standard","meta":{"footnotes":""},"categories":[6,2,9],"tags":[],"_links":{"self":[{"href":"https:\/\/funkemittelstandsgmbhblog.de\/index.php?rest_route=\/wp\/v2\/posts\/534"}],"collection":[{"href":"https:\/\/funkemittelstandsgmbhblog.de\/index.php?rest_route=\/wp\/v2\/posts"}],"about":[{"href":"https:\/\/funkemittelstandsgmbhblog.de\/index.php?rest_route=\/wp\/v2\/types\/post"}],"author":[{"embeddable":true,"href":"https:\/\/funkemittelstandsgmbhblog.de\/index.php?rest_route=\/wp\/v2\/users\/1"}],"replies":[{"embeddable":true,"href":"https:\/\/funkemittelstandsgmbhblog.de\/index.php?rest_route=%2Fwp%2Fv2%2Fcomments&post=534"}],"version-history":[{"count":0,"href":"https:\/\/funkemittelstandsgmbhblog.de\/index.php?rest_route=\/wp\/v2\/posts\/534\/revisions"}],"wp:featuredmedia":[{"embeddable":true,"href":"https:\/\/funkemittelstandsgmbhblog.de\/index.php?rest_route=\/wp\/v2\/media\/535"}],"wp:attachment":[{"href":"https:\/\/funkemittelstandsgmbhblog.de\/index.php?rest_route=%2Fwp%2Fv2%2Fmedia&parent=534"}],"wp:term":[{"taxonomy":"category","embeddable":true,"href":"https:\/\/funkemittelstandsgmbhblog.de\/index.php?rest_route=%2Fwp%2Fv2%2Fcategories&post=534"},{"taxonomy":"post_tag","embeddable":true,"href":"https:\/\/funkemittelstandsgmbhblog.de\/index.php?rest_route=%2Fwp%2Fv2%2Ftags&post=534"}],"curies":[{"name":"wp","href":"https:\/\/api.w.org\/{rel}","templated":true}]}}