{"id":3167,"date":"2021-05-27T10:42:54","date_gmt":"2021-05-27T10:42:54","guid":{"rendered":"http:\/\/funkemittelstandsgmbhblog.de\/?p=3167"},"modified":"2021-05-27T10:42:54","modified_gmt":"2021-05-27T10:42:54","slug":"10-jahre-protechnicale-das-wird-gefeiert","status":"publish","type":"post","link":"https:\/\/funkemittelstandsgmbhblog.de\/?p=3167","title":{"rendered":"10 Jahre proTechnicale &#8211; das wird gefeiert!"},"content":{"rendered":"\n<p>In diesem Jahr feiern wir direkt das n\u00e4chste Jubil\u00e4um: <a href=\"http:\/\/www.protechnicale.de\">proTechnicale<\/a> startete 2011 mit dem ersten Jahrgang voller toller Teilnehmerinnen, die ein Jahr lang von Technik und Philosophie begeistert wurden. Heute haben bereits weit \u00fcber 100 Teilnehmerinnen das einj\u00e4hrige proTechnicale-Programm mit Sitz in Hamburg absolviert und wurden dadurch f\u00fcr technische Berufe begeistert. Zur Feier des 10-j\u00e4hrigen Projektbestehens gibt es eine besondere Challenge:<strong> #<a href=\"http:\/\/www.mintflieger.de\">mintflieger<\/a><\/strong><\/p>\n\n\n\n<p>Mit der #mintflieger-Challenge m\u00f6chte das Team von der Sophia.T gGmbH das Projekt feiern, auf dieses Aufmerksam machen und weiter f\u00fcr mehr Diversit\u00e4t in technischen Berufen k\u00e4mpfen. Wie funktioniert die Challenge <a href=\"http:\/\/www.mintflieger.de\">(alle Infos gibt&#8217;s hier)<\/a>:<\/p>\n\n\n\n<ol><li>Einen Papierflieger basteln<\/li><li>Diesen fliegen lassen, den Flug dokumentieren per Video oder Foto<\/li><li>Das Foto oder Video \u00fcber Social Media (f.u.n.k.e. intern auch gerne \u00fcber diesen Blog) hochladen mit dem Hashtag #mintflieger, der Angabe der Flugdistanz und einer Verlinkung zu @proTechnicale<\/li><li>Zeitraum der Challenge 31.05. &#8211; 30.06.2021<\/li><\/ol>\n\n\n\n<p>Der Initiator und Gr\u00fcnder von Sophia.T macht es direkt vor:<\/p>\n\n\n\n<figure class=\"wp-block-video\"><video controls src=\"https:\/\/funkemittelstandsgmbhblog.de\/wp-content\/uploads\/2021\/05\/Animoto_video_328166487_1080x1080_F30.mp4\"><\/video><\/figure>\n\n\n\n<p>Und da wir hierr\u00fcber eine breite Streuung und allem voran Gutes erreichen m\u00f6chten, nominiert Herr Kennel direkt f.u.n.k.e. intern die n\u00e4chsten #mintflieger:innen und l\u00e4dt ein mitzumachen. Fotos\/Videos k\u00f6nnen bei Marlene K\u00f6rschges oder direkt \u00fcber Social Media abgegeben werden. Nominiert sind bis zur n\u00e4chsten Woche (04.06.): Marlene K\u00f6rschges, Matthias Bartsch und Ralf Behnke. <\/p>\n\n\n\n<p>Und alle anderen, die Lust haben mitzumachen, sind herzlich eingeladen! Gemeinsam f\u00fcr proTechnicale!<\/p>\n","protected":false},"excerpt":{"rendered":"<p>In diesem Jahr feiern wir direkt das n\u00e4chste Jubil\u00e4um: proTechnicale startete 2011 mit dem ersten Jahrgang voller toller Teilnehmerinnen, die ein Jahr lang von Technik und Philosophie begeistert wurden. Heute haben bereits weit \u00fcber 100 Teilnehmerinnen das einj\u00e4hrige proTechnicale-Programm mit Sitz in Hamburg absolviert und wurden dadurch f\u00fcr technische Berufe begeistert. Zur Feier des 10-j\u00e4hrigen &hellip; <\/p>\n<p class=\"link-more\"><a href=\"https:\/\/funkemittelstandsgmbhblog.de\/?p=3167\" class=\"more-link\"><span class=\"screen-reader-text\">\u201e10 Jahre proTechnicale &#8211; das wird gefeiert!\u201c<\/span> weiterlesen<\/a><\/p>\n","protected":false},"author":1,"featured_media":138,"comment_status":"closed","ping_status":"open","sticky":false,"template":"","format":"standard","meta":{"footnotes":""},"categories":[6],"tags":[],"_links":{"self":[{"href":"https:\/\/funkemittelstandsgmbhblog.de\/index.php?rest_route=\/wp\/v2\/posts\/3167"}],"collection":[{"href":"https:\/\/funkemittelstandsgmbhblog.de\/index.php?rest_route=\/wp\/v2\/posts"}],"about":[{"href":"https:\/\/funkemittelstandsgmbhblog.de\/index.php?rest_route=\/wp\/v2\/types\/post"}],"author":[{"embeddable":true,"href":"https:\/\/funkemittelstandsgmbhblog.de\/index.php?rest_route=\/wp\/v2\/users\/1"}],"replies":[{"embeddable":true,"href":"https:\/\/funkemittelstandsgmbhblog.de\/index.php?rest_route=%2Fwp%2Fv2%2Fcomments&post=3167"}],"version-history":[{"count":0,"href":"https:\/\/funkemittelstandsgmbhblog.de\/index.php?rest_route=\/wp\/v2\/posts\/3167\/revisions"}],"wp:featuredmedia":[{"embeddable":true,"href":"https:\/\/funkemittelstandsgmbhblog.de\/index.php?rest_route=\/wp\/v2\/media\/138"}],"wp:attachment":[{"href":"https:\/\/funkemittelstandsgmbhblog.de\/index.php?rest_route=%2Fwp%2Fv2%2Fmedia&parent=3167"}],"wp:term":[{"taxonomy":"category","embeddable":true,"href":"https:\/\/funkemittelstandsgmbhblog.de\/index.php?rest_route=%2Fwp%2Fv2%2Fcategories&post=3167"},{"taxonomy":"post_tag","embeddable":true,"href":"https:\/\/funkemittelstandsgmbhblog.de\/index.php?rest_route=%2Fwp%2Fv2%2Ftags&post=3167"}],"curies":[{"name":"wp","href":"https:\/\/api.w.org\/{rel}","templated":true}]}}