{"id":2922,"date":"2020-12-02T14:39:14","date_gmt":"2020-12-02T14:39:14","guid":{"rendered":"http:\/\/funkemittelstandsgmbhblog.de\/?p=2922"},"modified":"2020-12-02T15:09:26","modified_gmt":"2020-12-02T15:09:26","slug":"protechnicale-das-soziale-projekt-2020-2021-leiste-deinen-beitrag","status":"publish","type":"post","link":"https:\/\/funkemittelstandsgmbhblog.de\/?p=2922","title":{"rendered":"proTechnicale &#8211; das Soziale Projekt 2020\/2021 &#8211; leiste deinen Beitrag!"},"content":{"rendered":"\n<figure class=\"wp-block-image size-large\"><img loading=\"lazy\" decoding=\"async\" width=\"1024\" height=\"685\" src=\"https:\/\/funkemittelstandsgmbhblog.de\/wp-content\/uploads\/2020\/10\/DSC07244_bearbeitet-002-1024x685.jpg\" alt=\"\" class=\"wp-image-2876\" srcset=\"https:\/\/funkemittelstandsgmbhblog.de\/wp-content\/uploads\/2020\/10\/DSC07244_bearbeitet-002-1024x685.jpg 1024w, https:\/\/funkemittelstandsgmbhblog.de\/wp-content\/uploads\/2020\/10\/DSC07244_bearbeitet-002-300x201.jpg 300w, https:\/\/funkemittelstandsgmbhblog.de\/wp-content\/uploads\/2020\/10\/DSC07244_bearbeitet-002-768x514.jpg 768w, https:\/\/funkemittelstandsgmbhblog.de\/wp-content\/uploads\/2020\/10\/DSC07244_bearbeitet-002-1536x1028.jpg 1536w, https:\/\/funkemittelstandsgmbhblog.de\/wp-content\/uploads\/2020\/10\/DSC07244_bearbeitet-002-2048x1371.jpg 2048w\" sizes=\"(max-width: 767px) 89vw, (max-width: 1000px) 54vw, (max-width: 1071px) 543px, 580px\" \/><\/figure>\n\n\n\n<p>In diesem Jahr ist auch ein besonders Jahr bei <a href=\"https:\/\/www.protechnicale.de\/\">proTechnicale<\/a>: der 10. Jahrgang ist im vollen Gange mit 15 tollen Teilnehmerinnen. <\/p>\n\n\n\n<p>Auch in diesem Jahr hat Herr Kennel wieder eine intensive Workshopreihe zu dem Thema: gemeinn\u00fctziges\/soziales Unternehmertum umgesetzt. So haben die Teilnehmerinnen erlernt, was gemeinn\u00fctziges Unternehmertum ist und welche Vielf\u00e4ltigkeit diese Form des Unternehmertums bietet. Anschlie\u00dfend haben die Teilnehmerinnen, aufgeteilt in drei Gruppen, selbst eine gemeinn\u00fctzige Projektidee entwickelt, die im Rahmen von diesem  proTechnicale-Jahrgang umsetzbar ist. Dabei hatten sie sowohl den Auftrag eine gute Projektidee, die eine Problemstellung l\u00f6st, ein Umsetzungskonzept sowie eine Pr\u00e4sentation vorzubereiten. Die spannenden Ideen wurden von den drei Teams zum Wochenauftakt am 30.11.2020 gepitched vor einer Jury bestehend aus <a href=\"https:\/\/www.linkedin.com\/in\/manfred-kennel-7480a2106\/\">Manfred Kennel<\/a>, <a href=\"https:\/\/www.linkedin.com\/in\/friederike-fechner-9804a4b1\/\">Friederike Fechner<\/a>, <a href=\"https:\/\/www.linkedin.com\/in\/wiebke-pomplun-31819550\/\">Wiebke Pomplun<\/a>, <a href=\"https:\/\/www.linkedin.com\/in\/anica-emmett-1bab7942\/\">Anicia Emme<\/a>t (neue Kollegin Sophia.T), Merle Vespermann, <a href=\"https:\/\/www.linkedin.com\/in\/jraum\/\">Jakob Raum<\/a>, <a href=\"https:\/\/www.linkedin.com\/in\/charlotte-brenn-56981817b\/\">Charlotte Brenn<\/a> und <a href=\"https:\/\/www.linkedin.com\/in\/marlene-k%C3%B6rschges-184ba2111\/\">Marlene K\u00f6rschges<\/a>. Bei den Pr\u00e4sentationen wurden beeindruckende Ideen pr\u00e4sentiert:<\/p>\n\n\n\n<ul><li>Ein Projekt zum Aufbau von Brieffreundschaften zwischen Sch\u00fclern und Senioren in Seniorenpflegeheimen<\/li><li>Ein Projekt um Frauen in Frauenh\u00e4usern mit Rechnern und Schulungen f\u00fcr diese auszustatten<\/li><li>Ein Projekt, in dem ein Pixi-Kinderbuch geschrieben wird, um damit Gelder zu sammeln f\u00fcr das <a href=\"https:\/\/sternenbruecke.de\/home\">Kinderhospiz Sternenbr\u00fccke in Hamburg<\/a><\/li><\/ul>\n\n\n\n<p>Die Jury hatte die sehr schwere Aufgabe aus diesen tollen Projektideen eine zur Umsetzung auszuw\u00e4hlen. Dabei wurden die Ideen nach folgenden Kriterien bewertet: die Idee, Realisierbarkeit, Kreativit\u00e4t\/Innovation, Finanzierbarkeit, Nachhaltigkeit, Unterst\u00fctzungsperspektive intern\/extern und Leidenschaft. <\/p>\n\n\n\n<p><strong>Ausgew\u00e4hlt wurde dabei das Projekt zum Schreiben eines Pixi-Kinderbuchs, mit dem sch\u00f6nen und passenden Namen: Sophia greift nach den Sternen. <\/strong><\/p>\n\n\n\n<figure class=\"wp-block-image size-large\"><img loading=\"lazy\" decoding=\"async\" width=\"1024\" height=\"576\" src=\"https:\/\/funkemittelstandsgmbhblog.de\/wp-content\/uploads\/2020\/12\/image-e1606921640542-1024x576.png\" alt=\"\" class=\"wp-image-2924\" srcset=\"https:\/\/funkemittelstandsgmbhblog.de\/wp-content\/uploads\/2020\/12\/image-e1606921640542-1024x576.png 1024w, https:\/\/funkemittelstandsgmbhblog.de\/wp-content\/uploads\/2020\/12\/image-e1606921640542-300x169.png 300w, https:\/\/funkemittelstandsgmbhblog.de\/wp-content\/uploads\/2020\/12\/image-e1606921640542-768x432.png 768w, https:\/\/funkemittelstandsgmbhblog.de\/wp-content\/uploads\/2020\/12\/image-e1606921640542-1536x864.png 1536w, https:\/\/funkemittelstandsgmbhblog.de\/wp-content\/uploads\/2020\/12\/image-e1606921640542.png 1599w\" sizes=\"(max-width: 767px) 89vw, (max-width: 1000px) 54vw, (max-width: 1071px) 543px, 580px\" \/><\/figure>\n\n\n\n<p>An dieser Stelle nochmal herzlichen Dank f\u00fcr die tolle Umsetzung und herzlichen Gl\u00fcckwunsch f\u00fcr die drei tollen Ideen, die alle mit viel Leidenschaft vorgetragen wurden. Wir freuen uns nun auf die weitere Umsetzung und w\u00fcnschen dabei viel Freude!<\/p>\n\n\n\n<p><\/p>\n\n\n\n<p>Hier noch ein kleiner R\u00fcckblick aus den vorangegangen Jahren zu der Umsetzung des sozialen Projektes:<\/p>\n\n\n\n<p><strong>2019:<\/strong> <a href=\"https:\/\/funkemittelstandsgmbhblog.de\/?p=2141\">Neues Sozialprojekt bei proTechnicale \u2013 leiste Deinen Beitrag! \u2013 willkommen in unserem blog (funkemittelstandsgmbhblog.de)<\/a> In 2019 hatten die Teilnehmerinnen die Idee gemeinsam mit Pflegeheimen zu g\u00e4rtnern. Leider konnte die Idee auf Grund von Corona nicht umgesetzt werden. <\/p>\n\n\n\n<p><strong>2018:<\/strong> <a href=\"https:\/\/funkemittelstandsgmbhblog.de\/?p=1587\">Einen Beitrag leisten: Sozialprojekt proTechnicale \u2013 willkommen in unserem blog (funkemittelstandsgmbhblog.de)<\/a>. Im Jahrgang 2018\/2019 haben die Teilnehmerinnen proCare entwickelt, ein Projekt bei dem sie allerhand n\u00fctzliches in Paketen an obdachlose Menschen in Hamburg verteilt haben. <\/p>\n\n\n\n<p><\/p>\n","protected":false},"excerpt":{"rendered":"<p>In diesem Jahr ist auch ein besonders Jahr bei proTechnicale: der 10. Jahrgang ist im vollen Gange mit 15 tollen Teilnehmerinnen. Auch in diesem Jahr hat Herr Kennel wieder eine intensive Workshopreihe zu dem Thema: gemeinn\u00fctziges\/soziales Unternehmertum umgesetzt. So haben die Teilnehmerinnen erlernt, was gemeinn\u00fctziges Unternehmertum ist und welche Vielf\u00e4ltigkeit diese Form des Unternehmertums bietet. &hellip; <\/p>\n<p class=\"link-more\"><a href=\"https:\/\/funkemittelstandsgmbhblog.de\/?p=2922\" class=\"more-link\"><span class=\"screen-reader-text\">\u201eproTechnicale &#8211; das Soziale Projekt 2020\/2021 &#8211; leiste deinen Beitrag!\u201c<\/span> weiterlesen<\/a><\/p>\n","protected":false},"author":1,"featured_media":138,"comment_status":"closed","ping_status":"open","sticky":false,"template":"","format":"standard","meta":{"footnotes":""},"categories":[30],"tags":[],"_links":{"self":[{"href":"https:\/\/funkemittelstandsgmbhblog.de\/index.php?rest_route=\/wp\/v2\/posts\/2922"}],"collection":[{"href":"https:\/\/funkemittelstandsgmbhblog.de\/index.php?rest_route=\/wp\/v2\/posts"}],"about":[{"href":"https:\/\/funkemittelstandsgmbhblog.de\/index.php?rest_route=\/wp\/v2\/types\/post"}],"author":[{"embeddable":true,"href":"https:\/\/funkemittelstandsgmbhblog.de\/index.php?rest_route=\/wp\/v2\/users\/1"}],"replies":[{"embeddable":true,"href":"https:\/\/funkemittelstandsgmbhblog.de\/index.php?rest_route=%2Fwp%2Fv2%2Fcomments&post=2922"}],"version-history":[{"count":0,"href":"https:\/\/funkemittelstandsgmbhblog.de\/index.php?rest_route=\/wp\/v2\/posts\/2922\/revisions"}],"wp:featuredmedia":[{"embeddable":true,"href":"https:\/\/funkemittelstandsgmbhblog.de\/index.php?rest_route=\/wp\/v2\/media\/138"}],"wp:attachment":[{"href":"https:\/\/funkemittelstandsgmbhblog.de\/index.php?rest_route=%2Fwp%2Fv2%2Fmedia&parent=2922"}],"wp:term":[{"taxonomy":"category","embeddable":true,"href":"https:\/\/funkemittelstandsgmbhblog.de\/index.php?rest_route=%2Fwp%2Fv2%2Fcategories&post=2922"},{"taxonomy":"post_tag","embeddable":true,"href":"https:\/\/funkemittelstandsgmbhblog.de\/index.php?rest_route=%2Fwp%2Fv2%2Ftags&post=2922"}],"curies":[{"name":"wp","href":"https:\/\/api.w.org\/{rel}","templated":true}]}}