{"id":2349,"date":"2020-02-12T15:41:40","date_gmt":"2020-02-12T15:41:40","guid":{"rendered":"http:\/\/funkemittelstandsgmbhblog.de\/?p=2349"},"modified":"2020-02-12T15:42:22","modified_gmt":"2020-02-12T15:42:22","slug":"badencampus-start-up-accelerator-2020-die-bewerbungsphase-ist-eroeffnet","status":"publish","type":"post","link":"https:\/\/funkemittelstandsgmbhblog.de\/?p=2349","title":{"rendered":"BadenCampus Start-up Accelerator 2020 &#8211; die Bewerbungsphase ist er\u00f6ffnet"},"content":{"rendered":"\n<figure class=\"wp-block-image\"><img loading=\"lazy\" decoding=\"async\" width=\"526\" height=\"434\" src=\"https:\/\/funkemittelstandsgmbhblog.de\/wp-content\/uploads\/2020\/02\/BadenCampus.png\" alt=\"\" class=\"wp-image-2350\" srcset=\"https:\/\/funkemittelstandsgmbhblog.de\/wp-content\/uploads\/2020\/02\/BadenCampus.png 526w, https:\/\/funkemittelstandsgmbhblog.de\/wp-content\/uploads\/2020\/02\/BadenCampus-300x248.png 300w\" sizes=\"(max-width: 526px) 100vw, 526px\" \/><\/figure>\n\n\n\n<p>Die Bewerbungsphase des <a href=\"https:\/\/badencampus.de\/de\/start-up-foerderung\/start-up-accelerator\/\">Badencampus  Start-up Accelerator<\/a> 2020 hat gestartet und l\u00e4uft bis 31.M\u00e4rz 2020. In diesem Jahr unterteilt sich der Accelerator in drei Module. Neu dabei ist eine<strong> Kooperationswerkstatt<\/strong>, f\u00fcr die sich direkte P\u00e4rchen zwischen Unternehmen und Start-ups bilden. Au\u00dferdem gibt es erstmals eine <strong>Finanzierungswerkstatt<\/strong>, die insbesondere auf Gespr\u00e4che mit Investor*innen vorbereiten soll. Die einzige Voraussetung &#8211; ihr seid noch vor Markteintritt und befindet euch in einem der folgenden Bereiche:<\/p>\n\n\n\n<ul><li> Energy &amp; Cleantech,&nbsp;&nbsp; <\/li><li> Smart City &amp; Industry sowie&nbsp; <\/li><li> Life Science &amp; Healthcare.&nbsp;&nbsp;<\/li><\/ul>\n\n\n\n<p>Das Kick-off Event des BadenCampus Start-up Accelerators findet am 23.04.2020 im BadenCampus in Breisach statt.&nbsp;<\/p>\n\n\n\n<p>Anmeldungen f\u00fcr das Event, Bewerbungen f\u00fcr den Accelerator sowie weitere Informationen erhalten Sie unter folgender Homepage: &nbsp; &nbsp; &nbsp; &nbsp; &nbsp; &nbsp; <a href=\"https:\/\/badencampus.de\/de\/start-up-foerderung\/start-up-accelerator\/ \">https:\/\/badencampus.de\/de\/start-up-foerderung\/start-up-accelerator\/&nbsp;<\/a><\/p>\n\n\n\n<p><\/p>\n\n\n\n<p><\/p>\n","protected":false},"excerpt":{"rendered":"<p>Die Bewerbungsphase des Badencampus Start-up Accelerator 2020 hat gestartet und l\u00e4uft bis 31.M\u00e4rz 2020. In diesem Jahr unterteilt sich der Accelerator in drei Module. Neu dabei ist eine Kooperationswerkstatt, f\u00fcr die sich direkte P\u00e4rchen zwischen Unternehmen und Start-ups bilden. Au\u00dferdem gibt es erstmals eine Finanzierungswerkstatt, die insbesondere auf Gespr\u00e4che mit Investor*innen vorbereiten soll. Die einzige &hellip; <\/p>\n<p class=\"link-more\"><a href=\"https:\/\/funkemittelstandsgmbhblog.de\/?p=2349\" class=\"more-link\"><span class=\"screen-reader-text\">\u201eBadenCampus Start-up Accelerator 2020 &#8211; die Bewerbungsphase ist er\u00f6ffnet\u201c<\/span> weiterlesen<\/a><\/p>\n","protected":false},"author":1,"featured_media":0,"comment_status":"closed","ping_status":"open","sticky":false,"template":"","format":"standard","meta":{"footnotes":""},"categories":[2,1],"tags":[53,52,54,51],"_links":{"self":[{"href":"https:\/\/funkemittelstandsgmbhblog.de\/index.php?rest_route=\/wp\/v2\/posts\/2349"}],"collection":[{"href":"https:\/\/funkemittelstandsgmbhblog.de\/index.php?rest_route=\/wp\/v2\/posts"}],"about":[{"href":"https:\/\/funkemittelstandsgmbhblog.de\/index.php?rest_route=\/wp\/v2\/types\/post"}],"author":[{"embeddable":true,"href":"https:\/\/funkemittelstandsgmbhblog.de\/index.php?rest_route=\/wp\/v2\/users\/1"}],"replies":[{"embeddable":true,"href":"https:\/\/funkemittelstandsgmbhblog.de\/index.php?rest_route=%2Fwp%2Fv2%2Fcomments&post=2349"}],"version-history":[{"count":0,"href":"https:\/\/funkemittelstandsgmbhblog.de\/index.php?rest_route=\/wp\/v2\/posts\/2349\/revisions"}],"wp:attachment":[{"href":"https:\/\/funkemittelstandsgmbhblog.de\/index.php?rest_route=%2Fwp%2Fv2%2Fmedia&parent=2349"}],"wp:term":[{"taxonomy":"category","embeddable":true,"href":"https:\/\/funkemittelstandsgmbhblog.de\/index.php?rest_route=%2Fwp%2Fv2%2Fcategories&post=2349"},{"taxonomy":"post_tag","embeddable":true,"href":"https:\/\/funkemittelstandsgmbhblog.de\/index.php?rest_route=%2Fwp%2Fv2%2Ftags&post=2349"}],"curies":[{"name":"wp","href":"https:\/\/api.w.org\/{rel}","templated":true}]}}