{"id":2342,"date":"2020-02-10T12:30:59","date_gmt":"2020-02-10T12:30:59","guid":{"rendered":"http:\/\/funkemittelstandsgmbhblog.de\/?p=2342"},"modified":"2020-02-10T09:43:59","modified_gmt":"2020-02-10T09:43:59","slug":"der-think-tank-macht-seinem-namen-alle-ehre","status":"publish","type":"post","link":"https:\/\/funkemittelstandsgmbhblog.de\/?p=2342","title":{"rendered":"Der Think Tank macht seinem Namen alle Ehre"},"content":{"rendered":"\n<figure class=\"wp-block-image\"><img loading=\"lazy\" decoding=\"async\" width=\"768\" height=\"1024\" src=\"https:\/\/funkemittelstandsgmbhblog.de\/wp-content\/uploads\/2020\/02\/image-768x1024.png\" alt=\"\" class=\"wp-image-2343\" srcset=\"https:\/\/funkemittelstandsgmbhblog.de\/wp-content\/uploads\/2020\/02\/image-768x1024.png 768w, https:\/\/funkemittelstandsgmbhblog.de\/wp-content\/uploads\/2020\/02\/image-225x300.png 225w\" sizes=\"(max-width: 767px) 89vw, (max-width: 1000px) 54vw, (max-width: 1071px) 543px, 580px\" \/><\/figure>\n\n\n\n<p>Unser erster Think Tank Workshop zu neuen Formen der Arbeit &#8211; unsere K\u00f6pfe haben vergangenen Donnerstag geraucht und wir sind unseren TeilnehmernInnen sehr dankbar f\u00fcr den Austausch und all die Ideen. Auf die Idee ein Foto zu machen, kamen wir selbstverst\u00e4ndlich erst ganz am Schluss, als der Gro\u00dfteil unserer engagierten Teilnehmer bereits weg waren &#8211; ein nettes Foto inkl. Befindlichkeiten zur Momentaufnahme ;).  Danke an: Herrn Tsch\u00f6pe von proFamilia, Lisa H\u00fcther-Pape, Hiledgard Mayer von der Kita Stadtgartenknirpse, Bettina Schw\u00f6rer-H\u00fcther, Patrick Brudek, Stephanie Heck, J\u00f6rg Merlein und Klaus Wilhelm. <\/p>\n\n\n\n<p>#futurework #thinktank #newwork #funkefuture<\/p>\n","protected":false},"excerpt":{"rendered":"<p>Unser erster Think Tank Workshop zu neuen Formen der Arbeit &#8211; unsere K\u00f6pfe haben vergangenen Donnerstag geraucht und wir sind unseren TeilnehmernInnen sehr dankbar f\u00fcr den Austausch und all die Ideen. Auf die Idee ein Foto zu machen, kamen wir selbstverst\u00e4ndlich erst ganz am Schluss, als der Gro\u00dfteil unserer engagierten Teilnehmer bereits weg waren &#8211; &hellip; <\/p>\n<p class=\"link-more\"><a href=\"https:\/\/funkemittelstandsgmbhblog.de\/?p=2342\" class=\"more-link\"><span class=\"screen-reader-text\">\u201eDer Think Tank macht seinem Namen alle Ehre\u201c<\/span> weiterlesen<\/a><\/p>\n","protected":false},"author":1,"featured_media":0,"comment_status":"closed","ping_status":"open","sticky":false,"template":"","format":"standard","meta":{"footnotes":""},"categories":[29],"tags":[45,48,46,49,50,47],"_links":{"self":[{"href":"https:\/\/funkemittelstandsgmbhblog.de\/index.php?rest_route=\/wp\/v2\/posts\/2342"}],"collection":[{"href":"https:\/\/funkemittelstandsgmbhblog.de\/index.php?rest_route=\/wp\/v2\/posts"}],"about":[{"href":"https:\/\/funkemittelstandsgmbhblog.de\/index.php?rest_route=\/wp\/v2\/types\/post"}],"author":[{"embeddable":true,"href":"https:\/\/funkemittelstandsgmbhblog.de\/index.php?rest_route=\/wp\/v2\/users\/1"}],"replies":[{"embeddable":true,"href":"https:\/\/funkemittelstandsgmbhblog.de\/index.php?rest_route=%2Fwp%2Fv2%2Fcomments&post=2342"}],"version-history":[{"count":0,"href":"https:\/\/funkemittelstandsgmbhblog.de\/index.php?rest_route=\/wp\/v2\/posts\/2342\/revisions"}],"wp:attachment":[{"href":"https:\/\/funkemittelstandsgmbhblog.de\/index.php?rest_route=%2Fwp%2Fv2%2Fmedia&parent=2342"}],"wp:term":[{"taxonomy":"category","embeddable":true,"href":"https:\/\/funkemittelstandsgmbhblog.de\/index.php?rest_route=%2Fwp%2Fv2%2Fcategories&post=2342"},{"taxonomy":"post_tag","embeddable":true,"href":"https:\/\/funkemittelstandsgmbhblog.de\/index.php?rest_route=%2Fwp%2Fv2%2Ftags&post=2342"}],"curies":[{"name":"wp","href":"https:\/\/api.w.org\/{rel}","templated":true}]}}