{"id":1573,"date":"2019-04-10T04:12:33","date_gmt":"2019-04-10T04:12:33","guid":{"rendered":"http:\/\/funkemittelstandsgmbhblog.de\/?p=1573"},"modified":"2019-04-08T19:21:33","modified_gmt":"2019-04-08T19:21:33","slug":"kick-off-des-badencampus-accelerators-podiumsdiskussion","status":"publish","type":"post","link":"https:\/\/funkemittelstandsgmbhblog.de\/?p=1573","title":{"rendered":"Kick-Off des BadenCampus Accelerators &#038; Podiumsdiskussion"},"content":{"rendered":"\n<p>Am 11.04.2019 ist es soweit, das Acceleratorenprogramm des BadenCampus in Breisach startet. Beim BadenCampus konnten sich in den vergangenen Wochen Startups anmelden, die Unterst\u00fctzung bei dem n\u00e4chsten Schritt zu einer erfolgreichen Unternehmensgr\u00fcndung ben\u00f6tigen. Am Donnerstagabend (Beginn 17:00 Uhr) stellen sich nun die ausgew\u00e4hlten Teams vor und vernetzen sich mit Unternehmen aus der Region. <\/p>\n\n\n\n<p>Wir d\u00fcrfen per Teilnahme an einer Podiumsdiskussion zu dem Thema &#8222;Kooperationen zwischen Startups und Unternehmen&#8220; das Programm mitgestalten. Marlene K\u00f6rschges stellt dabei den f.u.n.k.e.-Weg vor und berichtet \u00fcber E-TOP. <\/p>\n\n\n\n<p>Sie wollen mehr \u00fcber die Programme des BadenCampuses erfahren? Dann sehen Sie sich doch das neue Video des Baden-Campus-Teams an:<\/p>\n\n\n\n<figure class=\"wp-block-embed-youtube wp-block-embed is-type-video is-provider-youtube wp-embed-aspect-16-9 wp-has-aspect-ratio\"><div class=\"wp-block-embed__wrapper\">\n<iframe loading=\"lazy\" width=\"525\" height=\"295\" src=\"https:\/\/www.youtube.com\/embed\/-SbUCviRjEk?feature=oembed\" frameborder=\"0\" allow=\"accelerometer; autoplay; encrypted-media; gyroscope; picture-in-picture\" allowfullscreen><\/iframe>\n<\/div><\/figure>\n","protected":false},"excerpt":{"rendered":"<p>Am 11.04.2019 ist es soweit, das Acceleratorenprogramm des BadenCampus in Breisach startet. Beim BadenCampus konnten sich in den vergangenen Wochen Startups anmelden, die Unterst\u00fctzung bei dem n\u00e4chsten Schritt zu einer erfolgreichen Unternehmensgr\u00fcndung ben\u00f6tigen. Am Donnerstagabend (Beginn 17:00 Uhr) stellen sich nun die ausgew\u00e4hlten Teams vor und vernetzen sich mit Unternehmen aus der Region. Wir d\u00fcrfen &hellip; <\/p>\n<p class=\"link-more\"><a href=\"https:\/\/funkemittelstandsgmbhblog.de\/?p=1573\" class=\"more-link\"><span class=\"screen-reader-text\">\u201eKick-Off des BadenCampus Accelerators &#038; Podiumsdiskussion\u201c<\/span> weiterlesen<\/a><\/p>\n","protected":false},"author":1,"featured_media":1430,"comment_status":"closed","ping_status":"open","sticky":false,"template":"","format":"standard","meta":{"footnotes":""},"categories":[7],"tags":[],"_links":{"self":[{"href":"https:\/\/funkemittelstandsgmbhblog.de\/index.php?rest_route=\/wp\/v2\/posts\/1573"}],"collection":[{"href":"https:\/\/funkemittelstandsgmbhblog.de\/index.php?rest_route=\/wp\/v2\/posts"}],"about":[{"href":"https:\/\/funkemittelstandsgmbhblog.de\/index.php?rest_route=\/wp\/v2\/types\/post"}],"author":[{"embeddable":true,"href":"https:\/\/funkemittelstandsgmbhblog.de\/index.php?rest_route=\/wp\/v2\/users\/1"}],"replies":[{"embeddable":true,"href":"https:\/\/funkemittelstandsgmbhblog.de\/index.php?rest_route=%2Fwp%2Fv2%2Fcomments&post=1573"}],"version-history":[{"count":0,"href":"https:\/\/funkemittelstandsgmbhblog.de\/index.php?rest_route=\/wp\/v2\/posts\/1573\/revisions"}],"wp:featuredmedia":[{"embeddable":true,"href":"https:\/\/funkemittelstandsgmbhblog.de\/index.php?rest_route=\/wp\/v2\/media\/1430"}],"wp:attachment":[{"href":"https:\/\/funkemittelstandsgmbhblog.de\/index.php?rest_route=%2Fwp%2Fv2%2Fmedia&parent=1573"}],"wp:term":[{"taxonomy":"category","embeddable":true,"href":"https:\/\/funkemittelstandsgmbhblog.de\/index.php?rest_route=%2Fwp%2Fv2%2Fcategories&post=1573"},{"taxonomy":"post_tag","embeddable":true,"href":"https:\/\/funkemittelstandsgmbhblog.de\/index.php?rest_route=%2Fwp%2Fv2%2Ftags&post=1573"}],"curies":[{"name":"wp","href":"https:\/\/api.w.org\/{rel}","templated":true}]}}